{"id":16884,"date":"2019-07-06T16:09:12","date_gmt":"2019-07-06T13:09:12","guid":{"rendered":"http:\/\/sepehrhome.com\/porta-vadi-project\/"},"modified":"2019-08-06T13:00:30","modified_gmt":"2019-08-06T10:00:30","slug":"porto-vadi-projesi","status":"publish","type":"post","link":"https:\/\/sepehrhome.com\/tr\/porto-vadi-projesi\/","title":{"rendered":"Porto Vadi Projesi"},"content":{"rendered":"<div class=\"fusion-fullwidth fullwidth-box fusion-builder-row-1 nonhundred-percent-fullwidth non-hundred-percent-height-scrolling\" style=\"--awb-border-radius-top-left:0px;--awb-border-radius-top-right:0px;--awb-border-radius-bottom-right:0px;--awb-border-radius-bottom-left:0px;\" ><div class=\"fusion-builder-row fusion-row\"><div class=\"fusion-layout-column fusion_builder_column fusion-builder-column-0 fusion_builder_column_1_2 1_2 fusion-one-half fusion-column-first\" style=\"--awb-bg-size:cover;width:50%;width:calc(50% - ( ( 4% ) * 0.5 ) );margin-right: 4%;\"><div class=\"fusion-column-wrapper fusion-column-has-shadow fusion-flex-column-wrapper-legacy\"><div class=\"fusion-title title fusion-title-1 fusion-title-text fusion-title-size-two\" style=\"--awb-text-color:#000000;--awb-sep-color:#ffc107;\"><h2 class=\"title-heading-left\" style=\"margin:0;\"><table border=\"0\" width=\"232\" cellspacing=\"0\" cellpadding=\"0\">\n<colgroup>\n<col width=\"232\" \/><\/colgroup>\n<tbody>\n<tr>\n<td style=\"height: 15pt; width: 174pt; text-align: right;\" align=\"left\" width=\"232\" height=\"20\">Porto Vadi Projesi<\/td>\n<\/tr>\n<\/tbody>\n<\/table><\/h2><span class=\"awb-title-spacer\"><\/span><div class=\"title-sep-container\"><div class=\"title-sep sep-single sep-solid\" style=\"border-color:#ffc107;\"><\/div><\/div><\/div><div class=\"fusion-text fusion-text-1\"><p dir=\"ltr\">T\u00fcm Yap\u0131 taraf\u0131ndan in\u015fa edilen Porta Vadi projesi toplam 4 blokta 72 daire, 166 ofis ve 20 ma\u011fazadan meydana geliyor. Bloklar\u0131n 1&#8217;inde rezidanslar, 3&#8217;\u00fcnde ise ofisler yer al\u0131yor. Ma\u011fazalar ise bloklar\u0131n alt\u0131nda konumland\u0131r\u0131ld\u0131. Porta Vadi projesinde 1+1&#8217;den 4+1&#8217;e kadar olan daireler 95 ila 310 metrekare, ofisler ise 48 ila 1.025 metrekare b\u00fcy\u00fckl\u00fc\u011fe sahip. 4+1 daireler 305 metrekare tasarlan\u0131rken, 3+1 daireler 180 ila 310 metrekare in\u015fa ediliyor.<\/p>\n<\/div><div class=\"fusion-clearfix\"><\/div><\/div><\/div><div class=\"fusion-layout-column fusion_builder_column fusion-builder-column-1 fusion_builder_column_1_2 1_2 fusion-one-half fusion-column-last\" style=\"--awb-bg-size:cover;width:50%;width:calc(50% - ( ( 4% ) * 0.5 ) );\"><div class=\"fusion-column-wrapper fusion-column-has-shadow fusion-flex-column-wrapper-legacy\"><div class=\"fusion-slider-sc fusion-flexslider-loading flexslider flexslider-hover-type-none\" data-slideshow_autoplay=\"1\" data-slideshow_smooth_height=\"0\" data-slideshow_speed=\"4000\" style=\"max-width:100%;height:100%;\"><ul class=\"slides\"><li class=\"image\"><span class=\"fusion-image-hover-element hover-type-none\"><img decoding=\"async\" src=\"http:\/\/sepehrhome.com\/test\/wp-content\/uploads\/2019\/07\/Portavadisepehrhomeslide.jpg\" width=\"1472\" height=\"600\" class=\"wp-image-15997\" srcset=\"https:\/\/sepehrhome.com\/wp-content\/uploads\/2019\/07\/Portavadisepehrhomeslide-200x82.jpg 200w, https:\/\/sepehrhome.com\/wp-content\/uploads\/2019\/07\/Portavadisepehrhomeslide-400x163.jpg 400w, https:\/\/sepehrhome.com\/wp-content\/uploads\/2019\/07\/Portavadisepehrhomeslide-600x245.jpg 600w, https:\/\/sepehrhome.com\/wp-content\/uploads\/2019\/07\/Portavadisepehrhomeslide-800x326.jpg 800w, https:\/\/sepehrhome.com\/wp-content\/uploads\/2019\/07\/Portavadisepehrhomeslide-1200x489.jpg 1200w, https:\/\/sepehrhome.com\/wp-content\/uploads\/2019\/07\/Portavadisepehrhomeslide.jpg 1472w\" sizes=\"(max-width: 800px) 100vw, 600px\" \/><\/span><\/li><li class=\"image\"><span class=\"fusion-image-hover-element hover-type-none\"><img decoding=\"async\" src=\"http:\/\/sepehrhome.com\/test\/wp-content\/uploads\/2019\/07\/Portavadisepehrhomeslidee.jpg\" width=\"1472\" height=\"600\" class=\"wp-image-15998\" srcset=\"https:\/\/sepehrhome.com\/wp-content\/uploads\/2019\/07\/Portavadisepehrhomeslidee-200x82.jpg 200w, https:\/\/sepehrhome.com\/wp-content\/uploads\/2019\/07\/Portavadisepehrhomeslidee-400x163.jpg 400w, https:\/\/sepehrhome.com\/wp-content\/uploads\/2019\/07\/Portavadisepehrhomeslidee-600x245.jpg 600w, https:\/\/sepehrhome.com\/wp-content\/uploads\/2019\/07\/Portavadisepehrhomeslidee-800x326.jpg 800w, https:\/\/sepehrhome.com\/wp-content\/uploads\/2019\/07\/Portavadisepehrhomeslidee-1200x489.jpg 1200w, https:\/\/sepehrhome.com\/wp-content\/uploads\/2019\/07\/Portavadisepehrhomeslidee.jpg 1472w\" sizes=\"(max-width: 800px) 100vw, 600px\" \/><\/span><\/li><li class=\"image\"><span class=\"fusion-image-hover-element hover-type-none\"><img decoding=\"async\" src=\"http:\/\/sepehrhome.com\/test\/wp-content\/uploads\/2019\/07\/PortavadisepehrhomeGALERY.jpg\" width=\"1472\" height=\"600\" class=\"wp-image-15999\" srcset=\"https:\/\/sepehrhome.com\/wp-content\/uploads\/2019\/07\/PortavadisepehrhomeGALERY-200x82.jpg 200w, https:\/\/sepehrhome.com\/wp-content\/uploads\/2019\/07\/PortavadisepehrhomeGALERY-400x163.jpg 400w, https:\/\/sepehrhome.com\/wp-content\/uploads\/2019\/07\/PortavadisepehrhomeGALERY-600x245.jpg 600w, https:\/\/sepehrhome.com\/wp-content\/uploads\/2019\/07\/PortavadisepehrhomeGALERY-800x326.jpg 800w, https:\/\/sepehrhome.com\/wp-content\/uploads\/2019\/07\/PortavadisepehrhomeGALERY-1200x489.jpg 1200w, https:\/\/sepehrhome.com\/wp-content\/uploads\/2019\/07\/PortavadisepehrhomeGALERY.jpg 1472w\" sizes=\"(max-width: 800px) 100vw, 600px\" \/><\/span><\/li><\/ul><\/div><div class=\"fusion-clearfix\"><\/div><\/div><\/div><div class=\"fusion-layout-column fusion_builder_column fusion-builder-column-2 fusion_builder_column_1_1 1_1 fusion-one-full fusion-column-first fusion-column-last\" style=\"--awb-bg-size:cover;\"><div class=\"fusion-column-wrapper fusion-column-has-shadow fusion-flex-column-wrapper-legacy\"><div class=\"fusion-text fusion-text-2\"><p dir=\"ltr\">\u0130stanbul&#8217;un h\u0131zla geli\u015fen b\u00f6lgesi Cendere Vadisi&#8217;nde hayata ge\u00e7irilen Porta Vadi, yat\u0131r\u0131mc\u0131s\u0131na kazand\u0131ran bir lokasyonda in\u015fa ediliyor. Vadistanbul projesine kom\u015fu olan Porta Vadi projesi T\u00fcrk Telekom Stadyumu ve in\u015faat\u0131 devam eden \u015ei\u015fli Etfal Hastanesi&#8217;ne olduk\u00e7a yak\u0131n bir konumda yer al\u0131yor. Karma konseptli bir proje olan Porta Vadi&#8217;de bloklar\u0131n birinde rezidanslar, \u00fc\u00e7\u00fcnde ofis alanlar\u0131, bloklar\u0131n alt\u0131nda ise 20 adet ma\u011faza bulunuyor. Proje lansman\u0131n\u0131n Temmuz ay\u0131nda yap\u0131lmas\u0131 bekleniyor. Metroya yak\u0131n bir noktada olmas\u0131 projeye ula\u015f\u0131m a\u00e7\u0131s\u0131ndan avantaj sa\u011fl\u0131yor. Lansman \u00f6ncesinde proje b\u00fcy\u00fck ilgi g\u00f6rd\u00fc. Dairelerin b\u00fcy\u00fck bir k\u0131sm\u0131 sat\u0131ld\u0131.<br \/>\nBelgrad Orman\u0131 manzaral\u0131 havuzunda kendi evinizin rahatl\u0131\u011f\u0131nda tatil keyfi ya\u015fayaca\u011f\u0131n\u0131z, geni\u015f teras\u0131n\u0131zda g\u00fcne\u015fin bat\u0131\u015f\u0131n\u0131 izleyece\u011finiz, fitness salonunda forma girece\u011finiz ve oyun park\u0131nda \u00e7ocuklar\u0131n\u0131zla yorgunlu\u011funuzu ataca\u011f\u0131n\u0131z yepyeni bir hayat Porta Vadi\u2019de sizleri bekliyor.<\/p>\n<p dir=\"ltr\">T\u00fcrkiye\u2019de ticaretin kalbinin att\u0131\u011f\u0131 Levent ve Maslak hatt\u0131na 2 dakikal\u0131k mesafede olan Porta Vadi, al\u0131\u015fveri\u015f merkezi ve metroya y\u00fcr\u00fcme mesafesinde bulunuyor. Modern i\u015f d\u00fcnyas\u0131n\u0131n t\u00fcm ihtiya\u00e7lar\u0131n\u0131 kar\u015f\u0131layacak olanaklar\u0131 ve de\u011feri her g\u00fcn artan konumuyla hem yat\u0131r\u0131m hem de ya\u015fam i\u00e7in \u00e7ok \u00f6zel bir f\u0131rsat sunuyor.<\/p>\n<\/div><div class=\"fusion-clearfix\"><\/div><\/div><\/div><\/div><\/div><div class=\"fusion-fullwidth fullwidth-box fusion-builder-row-2 nonhundred-percent-fullwidth non-hundred-percent-height-scrolling\" style=\"--awb-border-radius-top-left:0px;--awb-border-radius-top-right:0px;--awb-border-radius-bottom-right:0px;--awb-border-radius-bottom-left:0px;\" ><div class=\"fusion-builder-row fusion-row\"><div class=\"fusion-layout-column fusion_builder_column fusion-builder-column-3 fusion_builder_column_1_1 1_1 fusion-one-full fusion-column-first fusion-column-last\" style=\"--awb-bg-size:cover;\"><div class=\"fusion-column-wrapper fusion-column-has-shadow fusion-flex-column-wrapper-legacy\"><div class=\"awb-gallery-wrapper awb-gallery-wrapper-1 button-span-no\"><div style=\"margin:-5px;--awb-bordersize:0px;\" class=\"fusion-gallery fusion-gallery-container fusion-grid-3 fusion-columns-total-5 fusion-gallery-layout-grid fusion-gallery-1\"><div style=\"padding:5px;\" class=\"fusion-grid-column fusion-gallery-column fusion-gallery-column-3 hover-type-zoomin\"><div class=\"fusion-gallery-image\"><img decoding=\"async\" src=\"https:\/\/sepehrhome.com\/wp-content\/uploads\/2019\/07\/Portavadisepehrhomegaaa.jpg\" width=\"1472\" height=\"600\" alt=\"\" title=\"Portavadisepehrhomegaaa\" aria-label=\"Portavadisepehrhomegaaa\" class=\"img-responsive wp-image-16133\" srcset=\"https:\/\/sepehrhome.com\/wp-content\/uploads\/2019\/07\/Portavadisepehrhomegaaa-200x82.jpg 200w, https:\/\/sepehrhome.com\/wp-content\/uploads\/2019\/07\/Portavadisepehrhomegaaa-400x163.jpg 400w, https:\/\/sepehrhome.com\/wp-content\/uploads\/2019\/07\/Portavadisepehrhomegaaa-600x245.jpg 600w, https:\/\/sepehrhome.com\/wp-content\/uploads\/2019\/07\/Portavadisepehrhomegaaa-800x326.jpg 800w, https:\/\/sepehrhome.com\/wp-content\/uploads\/2019\/07\/Portavadisepehrhomegaaa-1200x489.jpg 1200w, https:\/\/sepehrhome.com\/wp-content\/uploads\/2019\/07\/Portavadisepehrhomegaaa.jpg 1472w\" sizes=\"(min-width: 2200px) 100vw, (min-width: 784px) 363px, (min-width: 712px) 545px, (min-width: 640px) 712px, \" \/><\/div><\/div><div style=\"padding:5px;\" class=\"fusion-grid-column fusion-gallery-column fusion-gallery-column-3 hover-type-zoomin\"><div class=\"fusion-gallery-image\"><img decoding=\"async\" src=\"https:\/\/sepehrhome.com\/wp-content\/uploads\/2019\/07\/PortavadisepehrhomeGALERY-1.jpg\" width=\"1472\" height=\"600\" alt=\"\" title=\"PortavadisepehrhomeGALERY\" aria-label=\"PortavadisepehrhomeGALERY\" class=\"img-responsive wp-image-16134\" srcset=\"https:\/\/sepehrhome.com\/wp-content\/uploads\/2019\/07\/PortavadisepehrhomeGALERY-1-200x82.jpg 200w, https:\/\/sepehrhome.com\/wp-content\/uploads\/2019\/07\/PortavadisepehrhomeGALERY-1-400x163.jpg 400w, https:\/\/sepehrhome.com\/wp-content\/uploads\/2019\/07\/PortavadisepehrhomeGALERY-1-600x245.jpg 600w, https:\/\/sepehrhome.com\/wp-content\/uploads\/2019\/07\/PortavadisepehrhomeGALERY-1-800x326.jpg 800w, https:\/\/sepehrhome.com\/wp-content\/uploads\/2019\/07\/PortavadisepehrhomeGALERY-1-1200x489.jpg 1200w, https:\/\/sepehrhome.com\/wp-content\/uploads\/2019\/07\/PortavadisepehrhomeGALERY-1.jpg 1472w\" sizes=\"(min-width: 2200px) 100vw, (min-width: 784px) 363px, (min-width: 712px) 545px, (min-width: 640px) 712px, \" \/><\/div><\/div><div style=\"padding:5px;\" class=\"fusion-grid-column fusion-gallery-column fusion-gallery-column-3 hover-type-zoomin\"><div class=\"fusion-gallery-image\"><img decoding=\"async\" src=\"https:\/\/sepehrhome.com\/wp-content\/uploads\/2019\/07\/Portavadisepehrhomeshakhes-1.jpg\" width=\"1962\" height=\"800\" alt=\"\" title=\"Portavadisepehrhomeshakhes\" aria-label=\"Portavadisepehrhomeshakhes\" class=\"img-responsive wp-image-16135\" srcset=\"https:\/\/sepehrhome.com\/wp-content\/uploads\/2019\/07\/Portavadisepehrhomeshakhes-1-200x82.jpg 200w, https:\/\/sepehrhome.com\/wp-content\/uploads\/2019\/07\/Portavadisepehrhomeshakhes-1-400x163.jpg 400w, https:\/\/sepehrhome.com\/wp-content\/uploads\/2019\/07\/Portavadisepehrhomeshakhes-1-600x245.jpg 600w, https:\/\/sepehrhome.com\/wp-content\/uploads\/2019\/07\/Portavadisepehrhomeshakhes-1-800x326.jpg 800w, https:\/\/sepehrhome.com\/wp-content\/uploads\/2019\/07\/Portavadisepehrhomeshakhes-1-1200x489.jpg 1200w, https:\/\/sepehrhome.com\/wp-content\/uploads\/2019\/07\/Portavadisepehrhomeshakhes-1.jpg 1962w\" sizes=\"(min-width: 2200px) 100vw, (min-width: 784px) 363px, (min-width: 712px) 545px, (min-width: 640px) 712px, \" \/><\/div><\/div><div class=\"clearfix\"><\/div><div style=\"padding:5px;\" class=\"fusion-grid-column fusion-gallery-column fusion-gallery-column-3 hover-type-zoomin\"><div class=\"fusion-gallery-image\"><img decoding=\"async\" src=\"https:\/\/sepehrhome.com\/wp-content\/uploads\/2019\/07\/Portavadisepehrhomegaaler.jpg\" width=\"1068\" height=\"600\" alt=\"\" title=\"Portavadisepehrhomegaaler\" aria-label=\"Portavadisepehrhomegaaler\" class=\"img-responsive wp-image-16137\" srcset=\"https:\/\/sepehrhome.com\/wp-content\/uploads\/2019\/07\/Portavadisepehrhomegaaler-200x112.jpg 200w, https:\/\/sepehrhome.com\/wp-content\/uploads\/2019\/07\/Portavadisepehrhomegaaler-400x225.jpg 400w, https:\/\/sepehrhome.com\/wp-content\/uploads\/2019\/07\/Portavadisepehrhomegaaler-600x337.jpg 600w, https:\/\/sepehrhome.com\/wp-content\/uploads\/2019\/07\/Portavadisepehrhomegaaler-800x449.jpg 800w, https:\/\/sepehrhome.com\/wp-content\/uploads\/2019\/07\/Portavadisepehrhomegaaler.jpg 1068w\" sizes=\"(min-width: 2200px) 100vw, (min-width: 784px) 363px, (min-width: 712px) 545px, (min-width: 640px) 712px, \" \/><\/div><\/div><div style=\"padding:5px;\" class=\"fusion-grid-column fusion-gallery-column fusion-gallery-column-3 hover-type-zoomin\"><div class=\"fusion-gallery-image\"><img decoding=\"async\" src=\"https:\/\/sepehrhome.com\/wp-content\/uploads\/2019\/07\/Portavadisepehrhomeslidee-1.jpg\" width=\"1472\" height=\"600\" alt=\"\" title=\"Portavadisepehrhomeslidee\" aria-label=\"Portavadisepehrhomeslidee\" class=\"img-responsive wp-image-16136\" srcset=\"https:\/\/sepehrhome.com\/wp-content\/uploads\/2019\/07\/Portavadisepehrhomeslidee-1-200x82.jpg 200w, https:\/\/sepehrhome.com\/wp-content\/uploads\/2019\/07\/Portavadisepehrhomeslidee-1-400x163.jpg 400w, https:\/\/sepehrhome.com\/wp-content\/uploads\/2019\/07\/Portavadisepehrhomeslidee-1-600x245.jpg 600w, https:\/\/sepehrhome.com\/wp-content\/uploads\/2019\/07\/Portavadisepehrhomeslidee-1-800x326.jpg 800w, https:\/\/sepehrhome.com\/wp-content\/uploads\/2019\/07\/Portavadisepehrhomeslidee-1-1200x489.jpg 1200w, https:\/\/sepehrhome.com\/wp-content\/uploads\/2019\/07\/Portavadisepehrhomeslidee-1.jpg 1472w\" sizes=\"(min-width: 2200px) 100vw, (min-width: 784px) 363px, (min-width: 712px) 545px, (min-width: 640px) 712px, \" \/><\/div><\/div><\/div><\/div><div class=\"fusion-clearfix\"><\/div><\/div><\/div><\/div><\/div>\n","protected":false},"excerpt":{"rendered":"<p>Sar\u0131yer b\u00f6lgesindeki modern ve farkl\u0131 mimari tarz\u0131yla Porta Vadi projesi, Belgrad k\u0131y\u0131lar\u0131 boyunca \u0130stanbul&#8217;un en i\u015flek ve en merkezi b\u00f6lgelerinden biri.\t\t\t\t\t<\/p>\n","protected":false},"author":3,"featured_media":16886,"comment_status":"open","ping_status":"open","sticky":false,"template":"","format":"standard","meta":{"_bbp_topic_count":0,"_bbp_reply_count":0,"_bbp_total_topic_count":0,"_bbp_total_reply_count":0,"_bbp_voice_count":0,"_bbp_anonymous_reply_count":0,"_bbp_topic_count_hidden":0,"_bbp_reply_count_hidden":0,"_bbp_forum_subforum_count":0,"_joinchat":[]},"categories":[66],"tags":[],"yst_prominent_words":[],"acf":[],"_links":{"self":[{"href":"https:\/\/sepehrhome.com\/tr\/wp-json\/wp\/v2\/posts\/16884"}],"collection":[{"href":"https:\/\/sepehrhome.com\/tr\/wp-json\/wp\/v2\/posts"}],"about":[{"href":"https:\/\/sepehrhome.com\/tr\/wp-json\/wp\/v2\/types\/post"}],"author":[{"embeddable":true,"href":"https:\/\/sepehrhome.com\/tr\/wp-json\/wp\/v2\/users\/3"}],"replies":[{"embeddable":true,"href":"https:\/\/sepehrhome.com\/tr\/wp-json\/wp\/v2\/comments?post=16884"}],"version-history":[{"count":4,"href":"https:\/\/sepehrhome.com\/tr\/wp-json\/wp\/v2\/posts\/16884\/revisions"}],"predecessor-version":[{"id":17808,"href":"https:\/\/sepehrhome.com\/tr\/wp-json\/wp\/v2\/posts\/16884\/revisions\/17808"}],"wp:featuredmedia":[{"embeddable":true,"href":"https:\/\/sepehrhome.com\/tr\/wp-json\/wp\/v2\/media\/16886"}],"wp:attachment":[{"href":"https:\/\/sepehrhome.com\/tr\/wp-json\/wp\/v2\/media?parent=16884"}],"wp:term":[{"taxonomy":"category","embeddable":true,"href":"https:\/\/sepehrhome.com\/tr\/wp-json\/wp\/v2\/categories?post=16884"},{"taxonomy":"post_tag","embeddable":true,"href":"https:\/\/sepehrhome.com\/tr\/wp-json\/wp\/v2\/tags?post=16884"},{"taxonomy":"yst_prominent_words","embeddable":true,"href":"https:\/\/sepehrhome.com\/tr\/wp-json\/wp\/v2\/yst_prominent_words?post=16884"}],"curies":[{"name":"wp","href":"https:\/\/api.w.org\/{rel}","templated":true}]}}